{"id":775,"date":"2020-04-25T07:13:09","date_gmt":"2020-04-25T07:13:09","guid":{"rendered":"https:\/\/dzepina.hr\/it\/?p=775"},"modified":"2020-10-22T13:03:18","modified_gmt":"2020-10-22T13:03:18","slug":"ernia-ombelicale","status":"publish","type":"post","link":"https:\/\/dzepina.hr\/it\/corpo\/ernia-ombelicale\/","title":{"rendered":"ERNIA OMBELICALE"},"content":{"rendered":"<h2><\/h2>\n<p><img decoding=\"async\" class=\"alignnone wp-image-1112 size-full\" src=\"https:\/\/dzepina.hr\/it\/wp-content\/uploads\/2020\/04\/pupcana_kila.jpg\" alt=\"pupcana_kila\" width=\"1200\" height=\"1200\" srcset=\"https:\/\/dzepina.hr\/it\/wp-content\/uploads\/2020\/04\/pupcana_kila.jpg 1200w, https:\/\/dzepina.hr\/it\/wp-content\/uploads\/2020\/04\/pupcana_kila-300x300.jpg 300w, https:\/\/dzepina.hr\/it\/wp-content\/uploads\/2020\/04\/pupcana_kila-1024x1024.jpg 1024w, https:\/\/dzepina.hr\/it\/wp-content\/uploads\/2020\/04\/pupcana_kila-150x150.jpg 150w, https:\/\/dzepina.hr\/it\/wp-content\/uploads\/2020\/04\/pupcana_kila-768x768.jpg 768w\" sizes=\"(max-width: 1200px) 100vw, 1200px\" \/><\/p>\n<h2>Che cos\u2019\u00e8 il trattamento chirurgico dell\u2019ernia ombelicale<\/h2>\n<p><strong>L\u2019ernia ombelicale \u00e8 una protrusione di una piccola porzione di intestino all\u2019altezza dell\u2019ombelico dovuta a un cedimento dei tessuti della parete addominale.<\/strong> Nella Clinica D\u017eepina \u00e8 possibile risolvere l\u2019ernia ombelicale che provoca problemi estetici, dolori e\/o complicazioni quali lo strozzamento erniario. Nella prima fase dell\u2019ernia ombelicale \u00e8 necessario monitorare il suo stato, ma solamente un intervento chirurgico \u00e8 in grado di risolvere questo problema.<\/p>\n<p>I muscoli e le membrane muscolari formano la parete addominale nella quale esistono delle aperture. Le aperture fisiologiche su una parete addominale predisposta alla comparsa di ernie sono l\u2019ombelico e il diaframma, ma a seguito di diversi interventi chirurgici sull\u2019addome possono comparire anche altre potenziali aperture. Da entrambe le aperture fisiologiche possono fuoriuscire porzioni di tessuti o organi quali l\u2019intestino o il peritoneo. <strong>Attraverso l\u2019apertura nella parete addominale penetra una porzione di intestino, situazione che pu\u00f2 andare incontro a complicazioni come lo strozzamento erniario che necessita di un urgente intervento chirurgico per impedire la necrosi dei tessuti dell\u2019intestino.<\/strong><\/p>\n<h2>Chi sono i candidati idonei al trattamento dell\u2019ernia ombelicale<\/h2>\n<p>Ogni ernia aumenta col tempo e pu\u00f2 provocare problemi gravi, soprattutto in caso di strozzamento erniario che impedisce il ritorno all\u2019interno dei tessuti erniati. Lo strozzamento erniario \u00e8 accompagnato da forti dolori e vomito e se non viene curato pu\u00f2 provocare la rottura della parete intestinale e problemi gravi.<\/p>\n<p>Dal momento che l\u2019intervento chirurgico rappresenta l\u2019unica soluzione all\u2019ernia ombelicale, nella clinica D\u017eepina il medico consiglia ai suoi pazienti di sottoporsi all\u2019operazione per evitare futuri peggioramenti. I pazienti vengono informati su tutti i dettagli riguardanti la preparazione all\u2019intervento, le visite e gli esami che \u00e8 necessario svolgere prima dell\u2019intervento, la metodica d\u2019intervento e la fase postoperatoria.<\/p>\n<h2>Descrizione del trattamento dell\u2019ernia ombelicale<\/h2>\n<p>Il trattamento chirurgico dell\u2019ernia ombelicale nella Clinica D\u017eepina viene eseguito in anestesia generale e dura circa un\u2019ora. Innanzitutto viene eseguita un\u2019incisione semicircolare nella parte superiore dell\u2019ombelico per chiudere con il muscolo e\/o una rete sintetica l\u2019apertura attraverso la quale \u00e8 avvenuta la protrusione. La rete, che sostiene efficacemente i tessuti impedendone una nuova fuoriuscita, viene colonizzata da parte delle cellule del paziente e nell\u2019arco di qualche settimana viene assorbita dai tessuti. Al termine di questo processo viene raggiunto l\u2019obiettivo dell\u2019intervento: l\u2019area interessata \u00e8 nuovamente resistente e sicura.<\/p>\n<p>L\u2019intervento classico prevede quindi la pratica di un\u2019incisione nell\u2019area dell\u2019ernia ombelicale, nonch\u00e9 l\u2019utilizzo del muscolo addominale e l\u2019inserimento di una rete sintetica di sostegno per serrare l&#8217;apertura formatasi. Le retine sintetiche di nuova generazione sono doppie, molto efficaci nella chiusura delle aperture e riducono al minimo la possibilit\u00e0 della ricomparsa del problema.<\/p>\n<p>Oltre al metodo classico esiste inoltre la tecnica laparoscopica di trattamento dell\u2019ernia ombelicale che prevede la pratica di alcune piccole incisioni finalizzate all&#8217;inserimento degli strumenti chirurgici e della videocamera. Il vantaggio di questo metodo \u00e8 rappresentato dalla velocit\u00e0 di ripresa dall\u2019intervento e dolori postoperatori pi\u00f9 lievi, sebbene l\u2019intervento abbia una durata leggermente maggiore.<\/p>\n<h2>La convalescenza dopo il trattamento dell\u2019ernia ombelicale<\/h2>\n<p>La convalescenza dopo il trattamento dell\u2019ernia ombelicale \u00e8 semplice e facile. Nella Clinica D\u017eepina vengono fornite ai pazienti indicazioni dettagliate per una ripresa ottimale e indolore dall\u2019intervento.<\/p>\n<p>I pazienti possono camminare gi\u00e0 il giorno stesso dell\u2019intervento. Nell&#8217;area dell\u2019incisione \u00e8 normale la comparsa di dolori che vengono contrastati con l&#8217;assunzione di farmaci analgesici. A seconda della complessit\u00e0 dell\u2019operazione e del parere del medico, i pazienti possono tornare a casa il giorno successivo all\u2019intervento oppure dopo qualche giorno di ricovero. Il ritorno alle normali attivit\u00e0 quotidiane \u00e8 relativamente veloce. \u00c8 possibile tornare al lavoro dopo una o due settimane, dipendentemente dal tipo di attivit\u00e0 che si svolge. Se i pazienti svolgono lavori fisicamente impegnativi, si consiglia di tornare al lavoro dopo 4-6 settimane.<\/p>\n<p>Nella prima fase postoperatoria i pazienti possono solamente passeggiare, mentre possono tornare a svolgere attivit\u00e0 pi\u00f9 impegnative e ad alzare pesi solo dopo la ripresa completa dall\u2019intervento che viene stabilita dal medico. Il medico raccomanda di seguire una dieta sana ed equilibrata, ricca di fibre per favorire il metabolismo ed evitare l&#8217;accumulo di gas nell\u2019intestino.<\/p>\n<h2>L\u2019esperienza dei pazienti a seguito del trattamento dell\u2019ernia ombelicale<\/h2>\n<p>Il trattamento chirurgico dell\u2019ernia ombelicale risolve sia un problema di salute sia estetico che pu\u00f2 provocare disagi ai pazienti. A seguito dell\u2019intervento i pazienti possono dedicarsi con spensieratezza alle loro attivit\u00e0 quotidiane senza temere eventuali complicanze.<\/p>\n<h2>Costi del trattamento di ernia ombelicale<\/h2>\n<p>La Clinica D\u017eepina offre diverse opzioni di pagamento per permettere ai pazienti di scegliere la pi\u00f9 adatta alle loro esigenze. I costi del trattamento dell\u2019ernia ombelicale e degli altri interventi sono riportati nel <strong><a href=\"https:\/\/dzepina.hr\/it\/listino-prezzi\/\">listino prezzi<\/a><\/strong> della Clinica D\u017eepina.<\/p>\n<h2>Risultati reali a seguito del trattamento dell\u2019ernia ombelicale<\/h2>\n<p>I risultati reali ottenuti sui pazienti della Clinica D\u017eepina, visibili nelle fotografie prima e dopo l\u2019intervento, mostrano la differenza esterna, sebbene il cambiamento pi\u00f9 importante sia quello interno alla parete addominale che impedisce la fuoriuscita di tessuti attraverso l\u2019ombelico.<\/p>\n","protected":false},"excerpt":{"rendered":"Che cos\u2019\u00e8 il trattamento chirurgico dell\u2019ernia ombelicale L\u2019ernia ombelicale \u00e8 una protrusione di una piccola porzione&#8230;","protected":false},"author":1,"featured_media":0,"comment_status":"open","ping_status":"open","sticky":false,"template":"","format":"standard","meta":{"footnotes":""},"categories":[9,6],"tags":[],"yoast_head":"<!-- This site is optimized with the Yoast SEO plugin v23.5 - https:\/\/yoast.com\/wordpress\/plugins\/seo\/ -->\n<title>ERNIA OMBELICALE | D\u017eepina Medical Group<\/title>\n<meta name=\"description\" content=\"A causa della debolezza dei muscoli addominali si crea una sporgenza nell\u2019area dell\u2019ombelico che si pu\u00f2 correggere con una cicatrice minima nascosta nell\u2019ombelico.\" \/>\n<meta name=\"robots\" content=\"index, follow, max-snippet:-1, max-image-preview:large, max-video-preview:-1\" \/>\n<link rel=\"canonical\" href=\"https:\/\/dzepina.hr\/it\/corpo\/ernia-ombelicale\/\" \/>\n<meta property=\"og:locale\" content=\"it_IT\" \/>\n<meta property=\"og:type\" content=\"article\" \/>\n<meta property=\"og:title\" content=\"ERNIA OMBELICALE | D\u017eepina Medical Group\" \/>\n<meta property=\"og:description\" content=\"A causa della debolezza dei muscoli addominali si crea una sporgenza nell\u2019area dell\u2019ombelico che si pu\u00f2 correggere con una cicatrice minima nascosta nell\u2019ombelico.\" \/>\n<meta property=\"og:url\" content=\"https:\/\/dzepina.hr\/it\/corpo\/ernia-ombelicale\/\" \/>\n<meta property=\"og:site_name\" content=\"D\u017eepina Medical Group\" \/>\n<meta property=\"article:published_time\" content=\"2020-04-25T07:13:09+00:00\" \/>\n<meta property=\"article:modified_time\" content=\"2020-10-22T13:03:18+00:00\" \/>\n<meta property=\"og:image\" content=\"https:\/\/dzepina.hr\/it\/wp-content\/uploads\/2020\/04\/pupcana_kila.jpg\" \/>\n<meta name=\"author\" content=\"poliklinikadzep\" \/>\n<meta name=\"twitter:card\" content=\"summary_large_image\" \/>\n<meta name=\"twitter:label1\" content=\"Scritto da\" \/>\n\t<meta name=\"twitter:data1\" content=\"poliklinikadzep\" \/>\n\t<meta name=\"twitter:label2\" content=\"Tempo di lettura stimato\" \/>\n\t<meta name=\"twitter:data2\" content=\"4 minuti\" \/>\n<script type=\"application\/ld+json\" class=\"yoast-schema-graph\">{\"@context\":\"https:\/\/schema.org\",\"@graph\":[{\"@type\":\"Article\",\"@id\":\"https:\/\/dzepina.hr\/it\/corpo\/ernia-ombelicale\/#article\",\"isPartOf\":{\"@id\":\"https:\/\/dzepina.hr\/it\/corpo\/ernia-ombelicale\/\"},\"author\":{\"name\":\"poliklinikadzep\",\"@id\":\"https:\/\/dzepina.hr\/it\/#\/schema\/person\/26d5d25c5a95866ed30869b1044f84b0\"},\"headline\":\"ERNIA OMBELICALE\",\"datePublished\":\"2020-04-25T07:13:09+00:00\",\"dateModified\":\"2020-10-22T13:03:18+00:00\",\"mainEntityOfPage\":{\"@id\":\"https:\/\/dzepina.hr\/it\/corpo\/ernia-ombelicale\/\"},\"wordCount\":854,\"commentCount\":0,\"publisher\":{\"@id\":\"https:\/\/dzepina.hr\/it\/#organization\"},\"image\":{\"@id\":\"https:\/\/dzepina.hr\/it\/corpo\/ernia-ombelicale\/#primaryimage\"},\"thumbnailUrl\":\"https:\/\/dzepina.hr\/it\/wp-content\/uploads\/2020\/04\/pupcana_kila.jpg\",\"articleSection\":[\"Chirurgia estetica del corpo\",\"Product\"],\"inLanguage\":\"it-IT\",\"potentialAction\":[{\"@type\":\"CommentAction\",\"name\":\"Comment\",\"target\":[\"https:\/\/dzepina.hr\/it\/corpo\/ernia-ombelicale\/#respond\"]}]},{\"@type\":\"WebPage\",\"@id\":\"https:\/\/dzepina.hr\/it\/corpo\/ernia-ombelicale\/\",\"url\":\"https:\/\/dzepina.hr\/it\/corpo\/ernia-ombelicale\/\",\"name\":\"ERNIA OMBELICALE | D\u017eepina Medical Group\",\"isPartOf\":{\"@id\":\"https:\/\/dzepina.hr\/it\/#website\"},\"primaryImageOfPage\":{\"@id\":\"https:\/\/dzepina.hr\/it\/corpo\/ernia-ombelicale\/#primaryimage\"},\"image\":{\"@id\":\"https:\/\/dzepina.hr\/it\/corpo\/ernia-ombelicale\/#primaryimage\"},\"thumbnailUrl\":\"https:\/\/dzepina.hr\/it\/wp-content\/uploads\/2020\/04\/pupcana_kila.jpg\",\"datePublished\":\"2020-04-25T07:13:09+00:00\",\"dateModified\":\"2020-10-22T13:03:18+00:00\",\"description\":\"A causa della debolezza dei muscoli addominali si crea una sporgenza nell\u2019area dell\u2019ombelico che si pu\u00f2 correggere con una cicatrice minima nascosta nell\u2019ombelico.\",\"breadcrumb\":{\"@id\":\"https:\/\/dzepina.hr\/it\/corpo\/ernia-ombelicale\/#breadcrumb\"},\"inLanguage\":\"it-IT\",\"potentialAction\":[{\"@type\":\"ReadAction\",\"target\":[\"https:\/\/dzepina.hr\/it\/corpo\/ernia-ombelicale\/\"]}]},{\"@type\":\"ImageObject\",\"inLanguage\":\"it-IT\",\"@id\":\"https:\/\/dzepina.hr\/it\/corpo\/ernia-ombelicale\/#primaryimage\",\"url\":\"https:\/\/dzepina.hr\/it\/wp-content\/uploads\/2020\/04\/pupcana_kila.jpg\",\"contentUrl\":\"https:\/\/dzepina.hr\/it\/wp-content\/uploads\/2020\/04\/pupcana_kila.jpg\",\"width\":1200,\"height\":1200,\"caption\":\"pupcana_kila\"},{\"@type\":\"BreadcrumbList\",\"@id\":\"https:\/\/dzepina.hr\/it\/corpo\/ernia-ombelicale\/#breadcrumb\",\"itemListElement\":[{\"@type\":\"ListItem\",\"position\":1,\"name\":\"Home\",\"item\":\"https:\/\/dzepina.hr\/it\/\"},{\"@type\":\"ListItem\",\"position\":2,\"name\":\"ERNIA OMBELICALE\"}]},{\"@type\":\"WebSite\",\"@id\":\"https:\/\/dzepina.hr\/it\/#website\",\"url\":\"https:\/\/dzepina.hr\/it\/\",\"name\":\"D\u017eepina Medical Group\",\"description\":\"Chirurgia estetica\",\"publisher\":{\"@id\":\"https:\/\/dzepina.hr\/it\/#organization\"},\"potentialAction\":[{\"@type\":\"SearchAction\",\"target\":{\"@type\":\"EntryPoint\",\"urlTemplate\":\"https:\/\/dzepina.hr\/it\/?s={search_term_string}\"},\"query-input\":{\"@type\":\"PropertyValueSpecification\",\"valueRequired\":true,\"valueName\":\"search_term_string\"}}],\"inLanguage\":\"it-IT\"},{\"@type\":\"Organization\",\"@id\":\"https:\/\/dzepina.hr\/it\/#organization\",\"name\":\"Poliklinika D\u017eepina Medical Group\",\"url\":\"https:\/\/dzepina.hr\/it\/\",\"logo\":{\"@type\":\"ImageObject\",\"inLanguage\":\"it-IT\",\"@id\":\"https:\/\/dzepina.hr\/it\/#\/schema\/logo\/image\/\",\"url\":\"https:\/\/dzepina.hr\/it\/wp-content\/uploads\/2020\/03\/Dzepina_logo_web_2020.png\",\"contentUrl\":\"https:\/\/dzepina.hr\/it\/wp-content\/uploads\/2020\/03\/Dzepina_logo_web_2020.png\",\"width\":360,\"height\":120,\"caption\":\"Poliklinika D\u017eepina Medical Group\"},\"image\":{\"@id\":\"https:\/\/dzepina.hr\/it\/#\/schema\/logo\/image\/\"}},{\"@type\":\"Person\",\"@id\":\"https:\/\/dzepina.hr\/it\/#\/schema\/person\/26d5d25c5a95866ed30869b1044f84b0\",\"name\":\"poliklinikadzep\",\"image\":{\"@type\":\"ImageObject\",\"inLanguage\":\"it-IT\",\"@id\":\"https:\/\/dzepina.hr\/it\/#\/schema\/person\/image\/\",\"url\":\"https:\/\/secure.gravatar.com\/avatar\/8e629f234b07423121c6e9e306ccbf90?s=96&d=mm&r=g\",\"contentUrl\":\"https:\/\/secure.gravatar.com\/avatar\/8e629f234b07423121c6e9e306ccbf90?s=96&d=mm&r=g\",\"caption\":\"poliklinikadzep\"},\"url\":\"https:\/\/dzepina.hr\/it\/author\/poliklinikadzep\/\"}]}<\/script>\n<!-- \/ Yoast SEO plugin. -->","yoast_head_json":{"title":"ERNIA OMBELICALE | D\u017eepina Medical Group","description":"A causa della debolezza dei muscoli addominali si crea una sporgenza nell\u2019area dell\u2019ombelico che si pu\u00f2 correggere con una cicatrice minima nascosta nell\u2019ombelico.","robots":{"index":"index","follow":"follow","max-snippet":"max-snippet:-1","max-image-preview":"max-image-preview:large","max-video-preview":"max-video-preview:-1"},"canonical":"https:\/\/dzepina.hr\/it\/corpo\/ernia-ombelicale\/","og_locale":"it_IT","og_type":"article","og_title":"ERNIA OMBELICALE | D\u017eepina Medical Group","og_description":"A causa della debolezza dei muscoli addominali si crea una sporgenza nell\u2019area dell\u2019ombelico che si pu\u00f2 correggere con una cicatrice minima nascosta nell\u2019ombelico.","og_url":"https:\/\/dzepina.hr\/it\/corpo\/ernia-ombelicale\/","og_site_name":"D\u017eepina Medical Group","article_published_time":"2020-04-25T07:13:09+00:00","article_modified_time":"2020-10-22T13:03:18+00:00","og_image":[{"url":"https:\/\/dzepina.hr\/it\/wp-content\/uploads\/2020\/04\/pupcana_kila.jpg"}],"author":"poliklinikadzep","twitter_card":"summary_large_image","twitter_misc":{"Scritto da":"poliklinikadzep","Tempo di lettura stimato":"4 minuti"},"schema":{"@context":"https:\/\/schema.org","@graph":[{"@type":"Article","@id":"https:\/\/dzepina.hr\/it\/corpo\/ernia-ombelicale\/#article","isPartOf":{"@id":"https:\/\/dzepina.hr\/it\/corpo\/ernia-ombelicale\/"},"author":{"name":"poliklinikadzep","@id":"https:\/\/dzepina.hr\/it\/#\/schema\/person\/26d5d25c5a95866ed30869b1044f84b0"},"headline":"ERNIA OMBELICALE","datePublished":"2020-04-25T07:13:09+00:00","dateModified":"2020-10-22T13:03:18+00:00","mainEntityOfPage":{"@id":"https:\/\/dzepina.hr\/it\/corpo\/ernia-ombelicale\/"},"wordCount":854,"commentCount":0,"publisher":{"@id":"https:\/\/dzepina.hr\/it\/#organization"},"image":{"@id":"https:\/\/dzepina.hr\/it\/corpo\/ernia-ombelicale\/#primaryimage"},"thumbnailUrl":"https:\/\/dzepina.hr\/it\/wp-content\/uploads\/2020\/04\/pupcana_kila.jpg","articleSection":["Chirurgia estetica del corpo","Product"],"inLanguage":"it-IT","potentialAction":[{"@type":"CommentAction","name":"Comment","target":["https:\/\/dzepina.hr\/it\/corpo\/ernia-ombelicale\/#respond"]}]},{"@type":"WebPage","@id":"https:\/\/dzepina.hr\/it\/corpo\/ernia-ombelicale\/","url":"https:\/\/dzepina.hr\/it\/corpo\/ernia-ombelicale\/","name":"ERNIA OMBELICALE | D\u017eepina Medical Group","isPartOf":{"@id":"https:\/\/dzepina.hr\/it\/#website"},"primaryImageOfPage":{"@id":"https:\/\/dzepina.hr\/it\/corpo\/ernia-ombelicale\/#primaryimage"},"image":{"@id":"https:\/\/dzepina.hr\/it\/corpo\/ernia-ombelicale\/#primaryimage"},"thumbnailUrl":"https:\/\/dzepina.hr\/it\/wp-content\/uploads\/2020\/04\/pupcana_kila.jpg","datePublished":"2020-04-25T07:13:09+00:00","dateModified":"2020-10-22T13:03:18+00:00","description":"A causa della debolezza dei muscoli addominali si crea una sporgenza nell\u2019area dell\u2019ombelico che si pu\u00f2 correggere con una cicatrice minima nascosta nell\u2019ombelico.","breadcrumb":{"@id":"https:\/\/dzepina.hr\/it\/corpo\/ernia-ombelicale\/#breadcrumb"},"inLanguage":"it-IT","potentialAction":[{"@type":"ReadAction","target":["https:\/\/dzepina.hr\/it\/corpo\/ernia-ombelicale\/"]}]},{"@type":"ImageObject","inLanguage":"it-IT","@id":"https:\/\/dzepina.hr\/it\/corpo\/ernia-ombelicale\/#primaryimage","url":"https:\/\/dzepina.hr\/it\/wp-content\/uploads\/2020\/04\/pupcana_kila.jpg","contentUrl":"https:\/\/dzepina.hr\/it\/wp-content\/uploads\/2020\/04\/pupcana_kila.jpg","width":1200,"height":1200,"caption":"pupcana_kila"},{"@type":"BreadcrumbList","@id":"https:\/\/dzepina.hr\/it\/corpo\/ernia-ombelicale\/#breadcrumb","itemListElement":[{"@type":"ListItem","position":1,"name":"Home","item":"https:\/\/dzepina.hr\/it\/"},{"@type":"ListItem","position":2,"name":"ERNIA OMBELICALE"}]},{"@type":"WebSite","@id":"https:\/\/dzepina.hr\/it\/#website","url":"https:\/\/dzepina.hr\/it\/","name":"D\u017eepina Medical Group","description":"Chirurgia estetica","publisher":{"@id":"https:\/\/dzepina.hr\/it\/#organization"},"potentialAction":[{"@type":"SearchAction","target":{"@type":"EntryPoint","urlTemplate":"https:\/\/dzepina.hr\/it\/?s={search_term_string}"},"query-input":{"@type":"PropertyValueSpecification","valueRequired":true,"valueName":"search_term_string"}}],"inLanguage":"it-IT"},{"@type":"Organization","@id":"https:\/\/dzepina.hr\/it\/#organization","name":"Poliklinika D\u017eepina Medical Group","url":"https:\/\/dzepina.hr\/it\/","logo":{"@type":"ImageObject","inLanguage":"it-IT","@id":"https:\/\/dzepina.hr\/it\/#\/schema\/logo\/image\/","url":"https:\/\/dzepina.hr\/it\/wp-content\/uploads\/2020\/03\/Dzepina_logo_web_2020.png","contentUrl":"https:\/\/dzepina.hr\/it\/wp-content\/uploads\/2020\/03\/Dzepina_logo_web_2020.png","width":360,"height":120,"caption":"Poliklinika D\u017eepina Medical Group"},"image":{"@id":"https:\/\/dzepina.hr\/it\/#\/schema\/logo\/image\/"}},{"@type":"Person","@id":"https:\/\/dzepina.hr\/it\/#\/schema\/person\/26d5d25c5a95866ed30869b1044f84b0","name":"poliklinikadzep","image":{"@type":"ImageObject","inLanguage":"it-IT","@id":"https:\/\/dzepina.hr\/it\/#\/schema\/person\/image\/","url":"https:\/\/secure.gravatar.com\/avatar\/8e629f234b07423121c6e9e306ccbf90?s=96&d=mm&r=g","contentUrl":"https:\/\/secure.gravatar.com\/avatar\/8e629f234b07423121c6e9e306ccbf90?s=96&d=mm&r=g","caption":"poliklinikadzep"},"url":"https:\/\/dzepina.hr\/it\/author\/poliklinikadzep\/"}]}},"_links":{"self":[{"href":"https:\/\/dzepina.hr\/it\/wp-json\/wp\/v2\/posts\/775"}],"collection":[{"href":"https:\/\/dzepina.hr\/it\/wp-json\/wp\/v2\/posts"}],"about":[{"href":"https:\/\/dzepina.hr\/it\/wp-json\/wp\/v2\/types\/post"}],"author":[{"embeddable":true,"href":"https:\/\/dzepina.hr\/it\/wp-json\/wp\/v2\/users\/1"}],"replies":[{"embeddable":true,"href":"https:\/\/dzepina.hr\/it\/wp-json\/wp\/v2\/comments?post=775"}],"version-history":[{"count":4,"href":"https:\/\/dzepina.hr\/it\/wp-json\/wp\/v2\/posts\/775\/revisions"}],"predecessor-version":[{"id":1358,"href":"https:\/\/dzepina.hr\/it\/wp-json\/wp\/v2\/posts\/775\/revisions\/1358"}],"wp:attachment":[{"href":"https:\/\/dzepina.hr\/it\/wp-json\/wp\/v2\/media?parent=775"}],"wp:term":[{"taxonomy":"category","embeddable":true,"href":"https:\/\/dzepina.hr\/it\/wp-json\/wp\/v2\/categories?post=775"},{"taxonomy":"post_tag","embeddable":true,"href":"https:\/\/dzepina.hr\/it\/wp-json\/wp\/v2\/tags?post=775"}],"curies":[{"name":"wp","href":"https:\/\/api.w.org\/{rel}","templated":true}]}}